{"id":331427,"global_id":"www.visitbanskabystrica.sk\/de\/?id=331427","global_id_lineage":["www.visitbanskabystrica.sk\/de\/?id=331427"],"author":"4","status":"publish","date":"2019-04-01 09:51:17","date_utc":"2019-04-01 09:51:17","modified":"2019-04-01 10:06:02","modified_utc":"2019-04-01 10:06:02","url":"https:\/\/www.visitbanskabystrica.sk\/de\/event\/svetovy-den-povedomia-o-autizme\/","rest_url":"https:\/\/www.visitbanskabystrica.sk\/de\/wp-json\/tribe\/events\/v1\/events\/331427","title":"Svetov\u00fd de\u0148 povedomia o autizme","description":"<p><strong>2. apr\u00edl 2019 \u2013 Svetov\u00fd de\u0148 povedomia o\u00a0autizme<\/strong><\/p>\n<p><strong>\u201e Vysvie\u0165me \u00a0to na modro v\u00a0Banskej Bystrici !\u201c<\/strong><\/p>\n<ul>\n<li><strong>Podujatie OZ Spolo\u010dnosti na pomoc osob\u00e1m s\u00a0autizmom BB (OZ SPOSA BB) sa u\u017e \u0161iesty kr\u00e1t kon\u00e1 pod z\u00e1\u0161titou prim\u00e1tora mesta Bansk\u00e1 Bystrica.<\/strong><\/li>\n<li><strong>Po siedmy raz bud\u00fa v\u00fdznamn\u00e9 budovy mesta Bansk\u00e1 Bystrica v\u00a0modr\u00fdch farb\u00e1ch.<\/strong><\/li>\n<li><strong>Spoznajme autizmus! <\/strong><strong>Z najnov\u0161\u00edch zahrani\u010dn\u00fdch \u0161tatist\u00edk vypl\u00fdva, \u017ee priemerne\u00a0 1 die\u0165a zo 68 sa narod\u00ed s poruchou autistick\u00e9ho spektra.<\/strong><\/li>\n<\/ul>\n<p>V\u00a0Banskej Bystrici 25. marca 2019 \u00a0modr\u00e9 svetlo\u00a0 pom\u00f4\u017ee zamera\u0165 pozornos\u0165 verejnosti na autizmus \u2013 \u0161pecifick\u00fd rys , ktor\u00fd ovplyv\u0148uje v s\u00fa\u010dasnosti viac ako 70 mili\u00f3nov \u013eud\u00ed na celom svete. Autizmom je znev\u00fdhodnen\u00fdch\u00a0 viac \u013eud\u00ed ne\u017e cukrovkou a AIDS dohromady. Na Slovensku trp\u00ed autizmom\u00a0 viac ako 2 % popul\u00e1cie, pri\u010dom postihuje 4-kr\u00e1t \u010dastej\u0161ie chlapcov ne\u017e diev\u010dat\u00e1. Jeho symbolom je modr\u00e1 farba,\u00a0 farba komunik\u00e1cie a \u00fastredn\u00e1 farba ka\u017edoro\u010dnej \u00a0kampane \u201eVysvie\u0165me to na modro\u201c.<\/p>\n<p><strong>Autizmus zah\u0155\u0148a in\u00e9 myslenie a\u00a0spracov\u00e1vanie podnetov, ktor\u00e9 osobe s\u00a0touto novodobou formou inakosti sp\u00f4sobuje v\u00a0na\u0161ej majoritnej spolo\u010dnosti nesmierne existen\u010dn\u00e9 probl\u00e9my vo v\u0161etk\u00fdch oblastiach \u017eivota. D\u00e1 sa diagnostikova\u0165 u\u017e v\u00a0rannom detstve, jeho ekonomick\u00e9 a\u00a0soci\u00e1lne dopady sa naplno prejavia a\u017e u\u00a0dospel\u00fdch \u013eud\u00ed. Autizmus m\u00e1 vo vysokom percentne nezvratn\u00fd dopad na chod celej rodiny. <\/strong><\/p>\n<p>Napriek v\u0161etk\u00e9mu\u00a0 sa\u00a0 \u013eudia s\u00a0autizmom m\u00f4\u017eu\u00a0 spr\u00e1vnym pr\u00edstupom\u00a0 za\u010dleni\u0165\u00a0 do spolo\u010dnosti a\u00a0s\u00fa schopn\u00ed aj pracova\u0165.<\/p>\n<p><strong>V\u00a0Spolo\u010dnosti na pomoc osob\u00e1m s\u00a0autizmom v\u00a0Banskej Bystrici sa dobrovo\u013en\u00edci cez UPSVaR BB spolu s\u00a0rodi\u010dmi det\u00ed s\u00a0autizmom podie\u013eaj\u00fa na vytv\u00e1ran\u00ed nov\u00fdch podmienok na ich v\u0161eobecn\u00fd rozvoj.\u00a0 V \u00a0roku 2018 vznikol pre osoby s\u00a0autizmom nov\u00fd Lok\u00e1lny priestor, kde sa konaj\u00fa mnoh\u00e9 aktivity zameran\u00e9 na cel\u00fa rodinu .<\/strong><\/p>\n<p><strong>V\u00a0roku 2007 vyhl\u00e1silo Valn\u00e9 zhroma\u017edenie OSN 2. apr\u00edl za Svetov\u00fd de\u0148 povedomia o\u00a0autizme.<\/strong><strong> Z\u00e1\u0161titu nad Svetov\u00fdm d\u0148om povedomia o\u00a0autizme v\u00a0Banskej Bystrici prevzal prim\u00e1tor mesta J\u00e1n Nosko.<\/strong><\/p>\n<p>Informa\u010dn\u00e1 kampa\u0148 chce spolo\u010dnosti pom\u00f4c\u0165 porozumie\u0165 autizmu. \u00a0Cie\u013eom je zlep\u0161i\u0165 podmienky, ktor\u00e9 umo\u017enia \u013eu\u010fom s\u00a0autizmom porozumie\u0165 svetu.<\/p>\n<p>V\u00a0r\u00e1mci celosvetovej kampane <strong>\u201e<\/strong><strong>Vysvie\u0165me \u00a0to na modro !\u201c<\/strong> bud\u00fa <strong>z\u00a02. 4. na 3. 4. 201<\/strong><strong>9 historick\u00e1 <\/strong>\u00a0<strong>budova<\/strong> <strong>Barbakanu<\/strong>, <strong>hodinov\u00e1 ve\u017ea \u00a0na n\u00e1mest\u00ed SNP a EBC Bansk\u00e1 Bystrica vysvieten\u00e9 na modro<\/strong>. Pripoj\u00edme sa k Bratislave, \u017diline, Ru\u017eomberku,\u00a0Zvolenu,Bojniciam \u00a0a tie\u017e\u00a0in\u00fdm slovensk\u00fdm mest\u00e1m, ako aj k\u00a0stovk\u00e1m v\u00fdznamn\u00fdch budov po celom svete, ktor\u00e9 bud\u00fa osvetlen\u00e9 na modro, ako napr. Empire State Building a\u00a030 Rockefeller Center v\u00a0New Yorku, CN Tower v\u00a0Toronte, National Concert Hall v\u00a0Dubline, budova parlamentu v Budape\u0161ti a mnoh\u00e9 in\u00e9.<\/p>\n<p>Ak chcete podpori\u0165 kampa\u0148 a\u00a0vyjadri\u0165 svoju solidaritu, oble\u010dte si nie\u010do modr\u00e9. Modr\u00e1 farba je symbolom komunik\u00e1cie. Tak ako \u013eudia dlh\u00e9 roky nerozumeli \u013eu\u010fom s\u00a0autizmom , ani oni nerozumeli \u201ezdrav\u00fdm\u201c. Nezosta\u0148te \u013eahostajn\u00ed, autizmus sa t\u00fdka ka\u017ed\u00e9ho.<\/p>\n<p><strong>V \u00a0duchu \u0161\u00edrenia povedomia o\u00a0autizme \u00a0OZ SPOSA BB<\/strong> pripravuje 2.4.2019 od 9, 00 h. do 13,00 h v<strong>o svojom Lok\u00e1lnom priestore na Hornej 67 \u00a0De\u0148 otvoren\u00fdch dver\u00ed<\/strong><strong>, kde bude z\u00e1ujemcom predstaven\u00fd silmul\u00e1tor autizmu \/v kancel\u00e1rii SPOSA BB &#8211; je potrebn\u00e9 sa nahl\u00e1si\u0165\/ a\u00a0v\u00a0priestore chodby bud\u00fa \u00a0dobrovo\u013en\u00ed\u010dky poskytova\u0165 inform\u00e1cie o\u00a0aktivit\u00e1ch, ktor\u00e9 OZ SPOSA BB realizuje. \u00a0S\u00fa\u010das\u0165ou bude aj v\u00fdstava\u00a0 obrazov a\u00a0tvorby mlad\u00fdch \u013eud\u00ed s\u00a0autizmom, ktor\u00ed sa z\u00fa\u010dast\u0148uj\u00fa od janu\u00e1ra roku 2019 pravideln\u00fdch tvoriv\u00fdch aktiv\u00edt a\u00a0mal\u00e1 tvoriv\u00e1 diel\u0148a pre z\u00e1ujemcov, ktor\u00ed sa vopred prihl\u00e1sia. <\/strong><\/p>\n<p>Podujatia s\u00fa \u010dasovan\u00e9 na apr\u00edl, ale realita je tak\u00e1, \u017ee <strong>\u201eAutizmus nie je len 2. apr\u00edla, ale 365 dn\u00ed v\u00a0roku\u201c<\/strong> \u00a0v\u00a0nadv\u00e4znosti na apr\u00edlov\u00e9 aktivity sa bude <strong>v\u00a0sobotu \u00a025. m\u00e1ja 2019 od 9,30 h.<\/strong> \u00a0v\u00a0spolupr\u00e1ci <strong>so \u0160peci\u00e1lnou z\u00e1kladnou \u0161kolou na \u010eumbierskej ulici 15.<\/strong> \u00a0v\u00a0Banskej Bystrici kona\u0165 \u00a0<strong>u\u017e \u0161iesty ro\u010dn\u00edk<\/strong> celoslovensk\u00e9ho stretnutia rod\u00edn s\u00a0osobami s\u00a0autizmom a\u00a0in\u00fdch komun\u00edt pod n\u00e1zvom <strong>\u017dI A\u00a0NECHAJ \u017dI\u0164 2019<\/strong>, na ktor\u00e9 verejnos\u0165 poz\u00fdvame <strong>\/bli\u017e\u0161ie inform\u00e1cie: <\/strong><a><strong>sposabb@gmail.com<\/strong><\/a><strong>, telef\u00f3n 0911 360\u00a0641 \/.<\/strong><\/p>\n<p><img loading=\"lazy\" decoding=\"async\" class=\"alignnone size-medium wp-image-18294\" src=\"https:\/\/mestobbweb01storage.blob.core.windows.net\/production\/2019\/04\/Svetov\u00fd-de\u0148-povedomia-o-autizme-435x600.jpg\" alt=\"\" width=\"435\" height=\"600\" \/><\/p>","excerpt":"","slug":"svetovy-den-povedomia-o-autizme","image":{"url":"https:\/\/www.visitbanskabystrica.sk\/wp-content\/uploads\/2019\/04\/Svetov\u00fd-de\u0148-povedomia-o-autizme.jpg","id":331428,"extension":"jpg","width":540,"height":744,"sizes":{"thumbnail":{"width":150,"height":150,"mime-type":"image\/jpeg","url":"https:\/\/www.visitbanskabystrica.sk\/wp-content\/uploads\/2019\/04\/Svetov\u00fd-de\u0148-povedomia-o-autizme-150x150.jpg"},"medium":{"width":218,"height":300,"mime-type":"image\/jpeg","url":"https:\/\/www.visitbanskabystrica.sk\/wp-content\/uploads\/2019\/04\/Svetov\u00fd-de\u0148-povedomia-o-autizme-218x300.jpg"},"wpsimplegallery_admin_thumb":{"width":109,"height":109,"mime-type":"image\/jpeg","url":"https:\/\/www.visitbanskabystrica.sk\/wp-content\/uploads\/2019\/04\/Svetov\u00fd-de\u0148-povedomia-o-autizme-109x109.jpg"},"wpsimplegallery_thumb":{"width":100,"height":100,"mime-type":"image\/jpeg","url":"https:\/\/www.visitbanskabystrica.sk\/wp-content\/uploads\/2019\/04\/Svetov\u00fd-de\u0148-povedomia-o-autizme-100x100.jpg"},"catalogue":{"width":400,"height":250,"mime-type":"image\/jpeg","url":"https:\/\/www.visitbanskabystrica.sk\/wp-content\/uploads\/2019\/04\/Svetov\u00fd-de\u0148-povedomia-o-autizme-400x250.jpg"},"mid-rectangle":{"width":540,"height":400,"mime-type":"image\/jpeg","url":"https:\/\/www.visitbanskabystrica.sk\/wp-content\/uploads\/2019\/04\/Svetov\u00fd-de\u0148-povedomia-o-autizme-540x400.jpg"},"grandtour-gallery-grid":{"width":540,"height":466,"mime-type":"image\/jpeg","url":"https:\/\/www.visitbanskabystrica.sk\/wp-content\/uploads\/2019\/04\/Svetov\u00fd-de\u0148-povedomia-o-autizme-540x466.jpg"},"grandtour-gallery-list":{"width":500,"height":500,"mime-type":"image\/jpeg","url":"https:\/\/www.visitbanskabystrica.sk\/wp-content\/uploads\/2019\/04\/Svetov\u00fd-de\u0148-povedomia-o-autizme-500x500.jpg"},"grandtour-blog":{"width":540,"height":636,"mime-type":"image\/jpeg","url":"https:\/\/www.visitbanskabystrica.sk\/wp-content\/uploads\/2019\/04\/Svetov\u00fd-de\u0148-povedomia-o-autizme-540x636.jpg"}}},"all_day":false,"start_date":"2019-04-02 00:00:00","start_date_details":{"year":"2019","month":"04","day":"02","hour":"00","minutes":"00","seconds":"00"},"end_date":"2019-04-03 00:00:00","end_date_details":{"year":"2019","month":"04","day":"03","hour":"00","minutes":"00","seconds":"00"},"utc_start_date":null,"utc_start_date_details":{"year":"1970","month":"01","day":"01","hour":"00","minutes":"00","seconds":"00"},"utc_end_date":null,"utc_end_date_details":{"year":"1970","month":"01","day":"01","hour":"00","minutes":"00","seconds":"00"},"timezone":"","timezone_abbr":"","cost":"","cost_details":{"currency_symbol":"","currency_position":"","values":[]},"website":"https:\/\/www.visitbanskabystrica.sk\/de\/event\/svetovy-den-povedomia-o-autizme\/","show_map":true,"show_map_link":true,"hide_from_listings":false,"sticky":false,"featured":false,"categories":[{"name":"In\u00e9","slug":"ine","term_group":0,"term_taxonomy_id":89,"taxonomy":"tribe_events_cat","description":"","parent":0,"count":189,"filter":"raw","id":89,"urls":{"self":"https:\/\/www.visitbanskabystrica.sk\/de\/wp-json\/tribe\/events\/v1\/categories\/89","collection":"https:\/\/www.visitbanskabystrica.sk\/de\/wp-json\/tribe\/events\/v1\/categories"}}],"tags":[],"venue":[],"organizer":[],"json_ld":{"@context":"http:\/\/schema.org","@type":"Event","name":"Svetov\u00fd de\u0148 povedomia o autizme","description":"&lt;p&gt;2. apr\u00edl 2019 \u2013 Svetov\u00fd de\u0148 povedomia o\u00a0autizme \u201e Vysvie\u0165me \u00a0to na modro v\u00a0Banskej Bystrici !\u201c Podujatie OZ Spolo\u010dnosti na pomoc osob\u00e1m s\u00a0autizmom BB (OZ SPOSA BB) sa u\u017e \u0161iesty kr\u00e1t kon\u00e1 pod z\u00e1\u0161titou prim\u00e1tora mesta Bansk\u00e1 Bystrica. Po siedmy [&hellip;]&lt;\/p&gt;\\n","image":"https:\/\/www.visitbanskabystrica.sk\/wp-content\/uploads\/2019\/04\/Svetov\u00fd-de\u0148-povedomia-o-autizme.jpg","url":"https:\/\/www.visitbanskabystrica.sk\/de\/event\/svetovy-den-povedomia-o-autizme\/","startDate":"2019-04-02T00:00:00+00:00","endDate":"2019-04-03T00:00:00+00:00","performer":"Organization"}}