{"id":385664,"global_id":"www.visitbanskabystrica.sk\/de\/?id=385664","global_id_lineage":["www.visitbanskabystrica.sk\/de\/?id=385664"],"author":"4","status":"publish","date":"2021-06-30 06:45:42","date_utc":"2021-06-30 06:45:42","modified":"2021-06-30 06:45:42","modified_utc":"2021-06-30 06:45:42","url":"https:\/\/www.visitbanskabystrica.sk\/de\/event\/banskobystricke-kulturne-leto\/","rest_url":"https:\/\/www.visitbanskabystrica.sk\/de\/wp-json\/tribe\/events\/v1\/events\/385664","title":"Banskobystrick\u00e9 kult\u00farne leto","description":"<p>Kult\u00farne leto v Banskej Bystrici prin\u00e1\u0161a od j\u00fana do septembra bohat\u00fd program a viacer\u00e9 sprievodn\u00e9 podujatia. O\u00a0pr\u00edjemn\u00fa atmosf\u00e9ru sa postaraj\u00fa v\u00a0uliciach mesta aj banskobystrick\u00ed hudobn\u00edci, v\u00fdtvarn\u00edci i\u00a0tane\u010dn\u00edci. Vybra\u0165 si m\u00f4\u017eete z bohatej ponuky koncertov, divadiel pre deti, ale aj prehliadok mesta \u010di kostolov. V ponuke n\u00e1jdete aj z\u00e1\u017eitkov\u00e9 no\u010dn\u00e9 prehliadky so \u0161ermiarskou skupinou Vir Fortis.<\/p>\n<p>Bli\u017e\u0161ie inform\u00e1cie k podujatiam n\u00e1jdete na\u00a0<a href=\"http:\/\/www.banskabystrica.sk\/podujatia\">webovej str\u00e1nke mesta Bansk\u00e1 Bystrica<\/a>.<\/p>\n\n\t\t<style type=\"text\/css\">\n\t\t\t#gallery-1 {\n\t\t\t\tmargin: auto;\n\t\t\t}\n\t\t\t#gallery-1 .gallery-item {\n\t\t\t\tfloat: left;\n\t\t\t\tmargin-top: 10px;\n\t\t\t\ttext-align: center;\n\t\t\t\twidth: 100%;\n\t\t\t}\n\t\t\t#gallery-1 img {\n\t\t\t\tborder: 2px solid #cfcfcf;\n\t\t\t}\n\t\t\t#gallery-1 .gallery-caption {\n\t\t\t\tmargin-left: 0;\n\t\t\t}\n\t\t\t\/* see gallery_shortcode() in wp-includes\/media.php *\/\n\t\t<\/style>\n\t\t<div id='gallery-1' class='gallery galleryid-0 gallery-columns-1 gallery-size-full'><dl class='gallery-item'>\n\t\t\t<dt class='gallery-icon portrait'>\n\t\t\t\t<a href='https:\/\/www.visitbanskabystrica.sk\/wp-content\/uploads\/2021\/06\/BBKL-A3-2021.jpg'><img loading=\"lazy\" decoding=\"async\" width=\"3512\" height=\"4941\" src=\"https:\/\/www.visitbanskabystrica.sk\/wp-content\/uploads\/2021\/06\/BBKL-A3-2021.jpg\" class=\"attachment-full size-full\" alt=\"\" \/><\/a>\n\t\t\t<\/dt><\/dl><br style=\"clear: both\" \/>\n\t\t<\/div>","excerpt":"","slug":"banskobystricke-kulturne-leto","image":{"url":"https:\/\/www.visitbanskabystrica.sk\/wp-content\/uploads\/2021\/06\/image00031.jpeg","id":385666,"extension":"jpeg","width":4032,"height":3024,"sizes":{"thumbnail":{"width":150,"height":150,"mime-type":"image\/jpeg","url":"https:\/\/www.visitbanskabystrica.sk\/wp-content\/uploads\/2021\/06\/image00031-150x150.jpeg"},"medium":{"width":300,"height":225,"mime-type":"image\/jpeg","url":"https:\/\/www.visitbanskabystrica.sk\/wp-content\/uploads\/2021\/06\/image00031-300x225.jpeg"},"medium_large":{"width":768,"height":576,"mime-type":"image\/jpeg","url":"https:\/\/www.visitbanskabystrica.sk\/wp-content\/uploads\/2021\/06\/image00031-768x576.jpeg"},"large":{"width":1024,"height":768,"mime-type":"image\/jpeg","url":"https:\/\/www.visitbanskabystrica.sk\/wp-content\/uploads\/2021\/06\/image00031-1024x768.jpeg"},"wpsimplegallery_admin_thumb":{"width":109,"height":109,"mime-type":"image\/jpeg","url":"https:\/\/www.visitbanskabystrica.sk\/wp-content\/uploads\/2021\/06\/image00031-109x109.jpeg"},"wpsimplegallery_thumb":{"width":100,"height":100,"mime-type":"image\/jpeg","url":"https:\/\/www.visitbanskabystrica.sk\/wp-content\/uploads\/2021\/06\/image00031-100x100.jpeg"},"catalogue":{"width":400,"height":250,"mime-type":"image\/jpeg","url":"https:\/\/www.visitbanskabystrica.sk\/wp-content\/uploads\/2021\/06\/image00031-400x250.jpeg"},"mid-rectangle":{"width":600,"height":400,"mime-type":"image\/jpeg","url":"https:\/\/www.visitbanskabystrica.sk\/wp-content\/uploads\/2021\/06\/image00031-600x400.jpeg"},"grandtour-gallery-grid":{"width":700,"height":466,"mime-type":"image\/jpeg","url":"https:\/\/www.visitbanskabystrica.sk\/wp-content\/uploads\/2021\/06\/image00031-700x466.jpeg"},"grandtour-gallery-list":{"width":500,"height":500,"mime-type":"image\/jpeg","url":"https:\/\/www.visitbanskabystrica.sk\/wp-content\/uploads\/2021\/06\/image00031-500x500.jpeg"},"grandtour-blog":{"width":960,"height":636,"mime-type":"image\/jpeg","url":"https:\/\/www.visitbanskabystrica.sk\/wp-content\/uploads\/2021\/06\/image00031-960x636.jpeg"}}},"all_day":false,"start_date":"2021-06-17 00:00:00","start_date_details":{"year":"2021","month":"06","day":"17","hour":"00","minutes":"00","seconds":"00"},"end_date":"2021-09-19 00:00:00","end_date_details":{"year":"2021","month":"09","day":"19","hour":"00","minutes":"00","seconds":"00"},"utc_start_date":"2021-06-17 00:00:00","utc_start_date_details":{"year":"2021","month":"06","day":"17","hour":"00","minutes":"00","seconds":"00"},"utc_end_date":"2021-09-19 00:00:00","utc_end_date_details":{"year":"2021","month":"09","day":"19","hour":"00","minutes":"00","seconds":"00"},"timezone":"UTC+0","timezone_abbr":"UTC+0","cost":"","cost_details":{"currency_symbol":"","currency_position":"prefix","values":[]},"website":"","show_map":true,"show_map_link":true,"hide_from_listings":false,"sticky":false,"featured":false,"categories":[{"name":"In\u00e9","slug":"ine","term_group":0,"term_taxonomy_id":89,"taxonomy":"tribe_events_cat","description":"","parent":0,"count":189,"filter":"raw","id":89,"urls":{"self":"https:\/\/www.visitbanskabystrica.sk\/de\/wp-json\/tribe\/events\/v1\/categories\/89","collection":"https:\/\/www.visitbanskabystrica.sk\/de\/wp-json\/tribe\/events\/v1\/categories"}}],"tags":[],"venue":[],"organizer":[],"json_ld":{"@context":"http:\/\/schema.org","@type":"Event","name":"Banskobystrick\u00e9 kult\u00farne leto","description":"&lt;p&gt;Kult\u00farne leto v Banskej Bystrici prin\u00e1\u0161a od j\u00fana do septembra bohat\u00fd program a viacer\u00e9 sprievodn\u00e9 podujatia. O\u00a0pr\u00edjemn\u00fa atmosf\u00e9ru sa postaraj\u00fa v\u00a0uliciach mesta aj banskobystrick\u00ed hudobn\u00edci, v\u00fdtvarn\u00edci i\u00a0tane\u010dn\u00edci. Vybra\u0165 si m\u00f4\u017eete z bohatej ponuky koncertov, divadiel pre deti, ale aj prehliadok [&hellip;]&lt;\/p&gt;\\n","image":"https:\/\/www.visitbanskabystrica.sk\/wp-content\/uploads\/2021\/06\/image00031.jpeg","url":"https:\/\/www.visitbanskabystrica.sk\/de\/event\/banskobystricke-kulturne-leto\/","startDate":"2021-06-17T00:00:00+00:00","endDate":"2021-09-19T00:00:00+00:00","performer":"Organization"}}