{"id":386262,"global_id":"www.visitbanskabystrica.sk\/de\/?id=386262","global_id_lineage":["www.visitbanskabystrica.sk\/de\/?id=386262"],"author":"4","status":"publish","date":"2021-09-07 07:16:59","date_utc":"2021-09-07 07:16:59","modified":"2021-09-07 08:10:21","modified_utc":"2021-09-07 08:10:21","url":"https:\/\/www.visitbanskabystrica.sk\/de\/event\/podujatia-v-banskej-bystrici-a-okoli-september-2021\/","rest_url":"https:\/\/www.visitbanskabystrica.sk\/de\/wp-json\/tribe\/events\/v1\/events\/386262","title":"PODUJATIA V BANSKEJ BYSTRICI A OKOL\u00cd &#8211; SEPTEMBER 2021","description":"<p>V septembri sa obyvatelia a n\u00e1v\u0161tevn\u00edci m\u00f4\u017eu te\u0161i\u0165 na <strong>363. Radvansk\u00fd jarmok<\/strong>\u00a0zameran\u00fd na v\u010del\u00e1rstvo, m\u00e1giu a\u00a0\u013eudov\u00e9 lie\u010dite\u013estvo. Ob\u013e\u00faben\u00e9 kult\u00farno-spolo\u010densk\u00e9 podujatie bude na N\u00e1mest\u00ed SNP zameran\u00e9 predov\u0161etk\u00fdm na Trh tradi\u010dn\u00fdch remesiel a\u00a0st\u00e1nky s\u00a0\u013eudovo-umeleck\u00fdmi v\u00fdrobkami.<\/p>\n<p>T\u00fd\u017ede\u0148 od 16. do 22. septembra maj\u00fa obyvatelia a\u00a0n\u00e1v\u0161tevn\u00edci Banskej Bystrice zap\u00edsan\u00fd vo svojom povedom\u00ed ako <strong>EUR\u00d3PSKY <\/strong>T\u00dd\u017dDE\u0147 <strong>MOBILITY<\/strong> (ETM). Podujatie sa pravidelne organizuje s\u00a0cie\u013eom pribl\u00ed\u017ei\u0165 obyvate\u013eom vyu\u017e\u00edvanie alternat\u00edvnych zdrojov dopravy. T\u00e9ma Eur\u00f3pskeho t\u00fd\u017ed\u0148a mobility na rok 2021 je \u201eBezpe\u010dne a\u00a0zdravo udr\u017eate\u013enou dopravou.\u201c V r\u00e1mci tohto t\u00fd\u017ed\u0148a si m\u00f4\u017eete po\u010das <strong>Festivalu svetla a tie\u0148a<\/strong> vychutna\u0165 aj kombin\u00e1ciu sveteln\u00fdch a umeleck\u00fdch \u017e\u00e1nrov.<\/p>\n<p><strong>Eur\u00f3pska noc v\u00fdskumn\u00edkov<\/strong> tento rok osl\u00e1vi svoj 15. ro\u010dn\u00edk a op\u00e4\u0165 prinesie interakt\u00edvny program pre v\u0161etk\u00fdch \u017eiakov a nad\u0161encov vedy. Po\u010das cel\u00e9ho d\u0148a sa v <strong>posledn\u00fd septembrov\u00fd piatok<\/strong> m\u00f4\u017eete te\u0161i\u0165 na vedeck\u00fd online program a \u010fal\u0161ie sprievodn\u00e9 aktivity a s\u00fa\u0165a\u017ee.<\/p>\n<p>V\u00a0r\u00e1mci <strong>Eur\u00f3pskeho d\u0148a jazykov<\/strong> a\u00a0<strong>Svetov\u00e9ho d\u0148a cestovn\u00e9ho ruchu<\/strong> sme pripravili dve komentovan\u00e9 prehliadky &#8211; 26.9.na t\u00e9mu osobnost\u00ed mesta Bansk\u00e1 Bystrica \/D. Skuteck\u00fd a\u00a0J. Cikker\/ a\u00a0v\u00a0anglickom jazyku 27.9. prehliadku \u201ePoznaj mesto, v\u00a0ktorom \u017eije\u0161\u201c.\u00a0Hodinov\u00e1 ve\u017ea bude 27.9. od 11 do 18 hodiny otvoren\u00e1 zadarmo.<\/p>\n<p>Podrobn\u00fd preh\u013ead podujat\u00ed, ako aj bli\u017e\u0161ie inform\u00e1cie o pr\u00edpadn\u00fdch zmen\u00e1ch z d\u00f4vodu pandemickej situ\u00e1cie n\u00e1jdete na str\u00e1nke <a href=\"https:\/\/www.banskabystrica.sk\/podujatia\/\">mesta Bansk\u00e1 Bystrica.<\/a><\/p>\n\n\t\t<style type=\"text\/css\">\n\t\t\t#gallery-1 {\n\t\t\t\tmargin: auto;\n\t\t\t}\n\t\t\t#gallery-1 .gallery-item {\n\t\t\t\tfloat: left;\n\t\t\t\tmargin-top: 10px;\n\t\t\t\ttext-align: center;\n\t\t\t\twidth: 100%;\n\t\t\t}\n\t\t\t#gallery-1 img {\n\t\t\t\tborder: 2px solid #cfcfcf;\n\t\t\t}\n\t\t\t#gallery-1 .gallery-caption {\n\t\t\t\tmargin-left: 0;\n\t\t\t}\n\t\t\t\/* see gallery_shortcode() in wp-includes\/media.php *\/\n\t\t<\/style>\n\t\t<div id='gallery-1' class='gallery galleryid-0 gallery-columns-1 gallery-size-full'><dl class='gallery-item'>\n\t\t\t<dt class='gallery-icon portrait'>\n\t\t\t\t<a href='https:\/\/www.visitbanskabystrica.sk\/wp-content\/uploads\/2021\/09\/kalend\u00e1r-podujat\u00ed-september-2021.jpg'><img loading=\"lazy\" decoding=\"async\" width=\"4331\" height=\"6693\" src=\"https:\/\/www.visitbanskabystrica.sk\/wp-content\/uploads\/2021\/09\/kalend\u00e1r-podujat\u00ed-september-2021.jpg\" class=\"attachment-full size-full\" alt=\"\" \/><\/a>\n\t\t\t<\/dt><\/dl><br style=\"clear: both\" \/>\n\t\t<\/div>","excerpt":"","slug":"podujatia-v-banskej-bystrici-a-okoli-september-2021","image":{"url":"https:\/\/www.visitbanskabystrica.sk\/wp-content\/uploads\/2021\/09\/10.-12.-363-radvansky-jarmok.jpg","id":386273,"extension":"jpg","width":7087,"height":4724,"sizes":{"thumbnail":{"width":150,"height":150,"mime-type":"image\/jpeg","url":"https:\/\/www.visitbanskabystrica.sk\/wp-content\/uploads\/2021\/09\/10.-12.-363-radvansky-jarmok-150x150.jpg"},"medium":{"width":300,"height":200,"mime-type":"image\/jpeg","url":"https:\/\/www.visitbanskabystrica.sk\/wp-content\/uploads\/2021\/09\/10.-12.-363-radvansky-jarmok-300x200.jpg"},"medium_large":{"width":768,"height":512,"mime-type":"image\/jpeg","url":"https:\/\/www.visitbanskabystrica.sk\/wp-content\/uploads\/2021\/09\/10.-12.-363-radvansky-jarmok-768x512.jpg"},"large":{"width":1024,"height":683,"mime-type":"image\/jpeg","url":"https:\/\/www.visitbanskabystrica.sk\/wp-content\/uploads\/2021\/09\/10.-12.-363-radvansky-jarmok-1024x683.jpg"},"wpsimplegallery_admin_thumb":{"width":109,"height":109,"mime-type":"image\/jpeg","url":"https:\/\/www.visitbanskabystrica.sk\/wp-content\/uploads\/2021\/09\/10.-12.-363-radvansky-jarmok-109x109.jpg"},"wpsimplegallery_thumb":{"width":100,"height":100,"mime-type":"image\/jpeg","url":"https:\/\/www.visitbanskabystrica.sk\/wp-content\/uploads\/2021\/09\/10.-12.-363-radvansky-jarmok-100x100.jpg"},"catalogue":{"width":400,"height":250,"mime-type":"image\/jpeg","url":"https:\/\/www.visitbanskabystrica.sk\/wp-content\/uploads\/2021\/09\/10.-12.-363-radvansky-jarmok-400x250.jpg"},"mid-rectangle":{"width":600,"height":400,"mime-type":"image\/jpeg","url":"https:\/\/www.visitbanskabystrica.sk\/wp-content\/uploads\/2021\/09\/10.-12.-363-radvansky-jarmok-600x400.jpg"},"grandtour-gallery-grid":{"width":700,"height":466,"mime-type":"image\/jpeg","url":"https:\/\/www.visitbanskabystrica.sk\/wp-content\/uploads\/2021\/09\/10.-12.-363-radvansky-jarmok-700x466.jpg"},"grandtour-gallery-list":{"width":500,"height":500,"mime-type":"image\/jpeg","url":"https:\/\/www.visitbanskabystrica.sk\/wp-content\/uploads\/2021\/09\/10.-12.-363-radvansky-jarmok-500x500.jpg"},"grandtour-blog":{"width":960,"height":636,"mime-type":"image\/jpeg","url":"https:\/\/www.visitbanskabystrica.sk\/wp-content\/uploads\/2021\/09\/10.-12.-363-radvansky-jarmok-960x636.jpg"}}},"all_day":true,"start_date":"2021-09-01 00:00:00","start_date_details":{"year":"2021","month":"09","day":"01","hour":"00","minutes":"00","seconds":"00"},"end_date":"2021-09-30 23:59:59","end_date_details":{"year":"2021","month":"09","day":"30","hour":"23","minutes":"59","seconds":"59"},"utc_start_date":"2021-09-01 00:00:00","utc_start_date_details":{"year":"2021","month":"09","day":"01","hour":"00","minutes":"00","seconds":"00"},"utc_end_date":"2021-09-30 23:59:59","utc_end_date_details":{"year":"2021","month":"09","day":"30","hour":"23","minutes":"59","seconds":"59"},"timezone":"UTC+0","timezone_abbr":"UTC+0","cost":"","cost_details":{"currency_symbol":"","currency_position":"prefix","values":[]},"website":"","show_map":true,"show_map_link":true,"hide_from_listings":false,"sticky":false,"featured":false,"categories":[{"name":"In\u00e9","slug":"ine","term_group":0,"term_taxonomy_id":89,"taxonomy":"tribe_events_cat","description":"","parent":0,"count":189,"filter":"raw","id":89,"urls":{"self":"https:\/\/www.visitbanskabystrica.sk\/de\/wp-json\/tribe\/events\/v1\/categories\/89","collection":"https:\/\/www.visitbanskabystrica.sk\/de\/wp-json\/tribe\/events\/v1\/categories"}}],"tags":[],"venue":[],"organizer":[],"json_ld":{"@context":"http:\/\/schema.org","@type":"Event","name":"PODUJATIA V BANSKEJ BYSTRICI A OKOL\u00cd &#8211; SEPTEMBER 2021","description":"&lt;p&gt;V septembri sa obyvatelia a n\u00e1v\u0161tevn\u00edci m\u00f4\u017eu te\u0161i\u0165 na 363. Radvansk\u00fd jarmok\u00a0zameran\u00fd na v\u010del\u00e1rstvo, m\u00e1giu a\u00a0\u013eudov\u00e9 lie\u010dite\u013estvo. Ob\u013e\u00faben\u00e9 kult\u00farno-spolo\u010densk\u00e9 podujatie bude na N\u00e1mest\u00ed SNP zameran\u00e9 predov\u0161etk\u00fdm na Trh tradi\u010dn\u00fdch remesiel a\u00a0st\u00e1nky s\u00a0\u013eudovo-umeleck\u00fdmi v\u00fdrobkami. T\u00fd\u017ede\u0148 od 16. do 22. septembra maj\u00fa [&hellip;]&lt;\/p&gt;\\n","image":"https:\/\/www.visitbanskabystrica.sk\/wp-content\/uploads\/2021\/09\/10.-12.-363-radvansky-jarmok.jpg","url":"https:\/\/www.visitbanskabystrica.sk\/de\/event\/podujatia-v-banskej-bystrici-a-okoli-september-2021\/","startDate":"2021-09-01T00:00:00+00:00","endDate":"2021-09-30T23:59:59+00:00","performer":"Organization"}}