{"id":377074,"date":"2019-09-28T18:19:29","date_gmt":"2019-09-28T18:19:29","guid":{"rendered":"https:\/\/www.visitbanskabystrica.sk\/?p=377074"},"modified":"2022-01-21T13:04:38","modified_gmt":"2022-01-21T13:04:38","slug":"slowakische-tage-in-prag-i-25-26-september-2019","status":"publish","type":"post","link":"https:\/\/www.visitbanskabystrica.sk\/de\/slowakische-tage-in-prag-i-25-26-september-2019\/","title":{"rendered":"Slowakische Tage in Prag I 25. &#8211; 26. September 2019"},"content":{"rendered":"<div class=\"result-shield-container tlid-copy-target\" tabindex=\"0\"><span class=\"tlid-translation translation\" lang=\"de\"><span title=\"\">In der Hauptstadt der Tschechischen Republik treffen Sie unsere Bansk\u00e1 Bystrica auch w\u00e4hrend der Pr\u00e4sentation der slowakischen Regionen von der Tatra bis zur Donau vom 25. bis 26. September 2019.<\/span> <span title=\"\">Kommen Sie und finden Sie heraus, wie unsere Region schmeckt.<br \/>\n<\/span><span title=\"\">W\u00e4hrend der Veranstaltung hat das Auslandsreiseb\u00fcro der Slowakischen Republik in der Tschechischen Republik Wettbewerbe zu interessanten Preisen, ein reichhaltiges Kulturprogramm und den Verkauf regionaler slowakischer Spezialit\u00e4ten vorbereitet.<\/span><\/p>\n<p><span title=\"\">Wir freuen uns auf Sie!<\/span><br \/>\n<span title=\"\">__<\/span><\/p>\n<p><span title=\"\">Weitere Infos: <a href=\"https:\/\/www.facebook.com\/events\/2315007451954388\/\">Facebook-Event Slowakische Tage in Prag<\/a><\/span><\/span><\/div>\n<div tabindex=\"0\"><a href=\"https:\/\/www.visitbanskabystrica.sk\/wp-content\/uploads\/2019\/09\/70262911_2204986792960201_7662734174511431680_o.jpg\"><img loading=\"lazy\" decoding=\"async\" class=\"alignnone size-full wp-image-376437\" src=\"https:\/\/www.visitbanskabystrica.sk\/wp-content\/uploads\/2019\/09\/70262911_2204986792960201_7662734174511431680_o.jpg\" alt=\"\" width=\"1000\" height=\"524\" \/><\/a><\/div>\n","protected":false},"excerpt":{"rendered":"<p>In der Hauptstadt der Tschechischen Republik treffen Sie unsere Bansk\u00e1 Bystrica auch w\u00e4hrend der Pr\u00e4sentation der slowakischen Regionen von der Tatra bis zur Donau vom 25. bis 26. September 2019.&hellip;<\/p>\n","protected":false},"author":4,"featured_media":376441,"comment_status":"open","ping_status":"open","sticky":false,"template":"","format":"standard","meta":{"footnotes":""},"categories":[151],"tags":[],"acf":[],"post_mailing_queue_ids":[],"_links":{"self":[{"href":"https:\/\/www.visitbanskabystrica.sk\/de\/wp-json\/wp\/v2\/posts\/377074"}],"collection":[{"href":"https:\/\/www.visitbanskabystrica.sk\/de\/wp-json\/wp\/v2\/posts"}],"about":[{"href":"https:\/\/www.visitbanskabystrica.sk\/de\/wp-json\/wp\/v2\/types\/post"}],"author":[{"embeddable":true,"href":"https:\/\/www.visitbanskabystrica.sk\/de\/wp-json\/wp\/v2\/users\/4"}],"replies":[{"embeddable":true,"href":"https:\/\/www.visitbanskabystrica.sk\/de\/wp-json\/wp\/v2\/comments?post=377074"}],"version-history":[{"count":1,"href":"https:\/\/www.visitbanskabystrica.sk\/de\/wp-json\/wp\/v2\/posts\/377074\/revisions"}],"predecessor-version":[{"id":377076,"href":"https:\/\/www.visitbanskabystrica.sk\/de\/wp-json\/wp\/v2\/posts\/377074\/revisions\/377076"}],"wp:featuredmedia":[{"embeddable":true,"href":"https:\/\/www.visitbanskabystrica.sk\/de\/wp-json\/wp\/v2\/media\/376441"}],"wp:attachment":[{"href":"https:\/\/www.visitbanskabystrica.sk\/de\/wp-json\/wp\/v2\/media?parent=377074"}],"wp:term":[{"taxonomy":"category","embeddable":true,"href":"https:\/\/www.visitbanskabystrica.sk\/de\/wp-json\/wp\/v2\/categories?post=377074"},{"taxonomy":"post_tag","embeddable":true,"href":"https:\/\/www.visitbanskabystrica.sk\/de\/wp-json\/wp\/v2\/tags?post=377074"}],"curies":[{"name":"wp","href":"https:\/\/api.w.org\/{rel}","templated":true}]}}