{"id":373116,"global_id":"www.visitbanskabystrica.sk\/en\/?id=373116","global_id_lineage":["www.visitbanskabystrica.sk\/en\/?id=373116"],"author":"4","status":"publish","date":"2019-06-07 12:53:10","date_utc":"2019-06-07 12:53:10","modified":"2019-06-15 07:03:10","modified_utc":"2019-06-15 07:03:10","url":"https:\/\/www.visitbanskabystrica.sk\/en\/event\/den-hasicov-2019\/","rest_url":"https:\/\/www.visitbanskabystrica.sk\/en\/wp-json\/tribe\/events\/v1\/events\/373116","title":"De\u0148 hasi\u010dov 2019","description":"<p>Krajsk\u00e9 riadite\u013estvo Hasi\u010dsk\u00e9ho a z\u00e1chrann\u00e9ho zboru v Banskej Bystrici organizuje \u201e De\u0148 Hasi\u010dov 2019 \u201c.<\/p>\n<p>PROGRAM D\u0147A HASI\u010cOV 2019:<\/p>\n<p>9.00 h &#8211; Sl\u00e1vnostn\u00e9 otvorenie s\u00fa\u0165a\u017e\u00ed<\/p>\n<p>9.30-15.30 h &#8211; S\u00fa\u0165a\u017e TFA Slovakia<\/p>\n<p>od 10.00 h &#8211; S\u00fa\u0165a\u017ee pre deti &#8220;Mal\u00fd hasi\u010d&#8221;<\/p>\n<p>o 10.360 a 13.00 h &#8211; Dynamick\u00e9 uk\u00e1\u017eky \u010dinnosti HaZZ<\/p>\n<p>9.30-15.30 h &#8211; Memori\u00e1l Pavla Snopka a Jozefa Dobr\u00edka vo vyslobodzovan\u00ed zranen\u00fdch os\u00f4b z havarovan\u00fdch vozidiel<\/p>\n<p>__<\/p>\n<p>12. ro\u010dn\u00edk medzin\u00e1rodnej s\u00fa\u0165a\u017ee profesion\u00e1lnych a dobrovo\u013en\u00fdch hasi\u010dov TFA Slovakia 2019 (Toughtest firefighter&#8217;s alive &#8211; Najtvrd\u0161ie hasi\u010dsk\u00e9 pre\u017eitie), pozost\u00e1vaj\u00faej zo \u0161tyroch s\u00fa\u0165a\u017en\u00fdch discipl\u00edn, ktor\u00e9 odzrkad\u013euj\u00fa fyzicky n\u00e1ro\u010dn\u00fa pr\u00e1cu hasi\u010dov pri v\u00fdkone svojho povolania.<\/p>\n<p>22. ro\u010dn\u00edk Memori\u00e1lu Pavla Snopka a Jozefa Dobr\u00edka vo vyslobodzovan\u00ed zranen\u00fdch os\u00f4b z havarovan\u00fdch vozidiel.<\/p>\n<p>&nbsp;<\/p>\n<p><img loading=\"lazy\" decoding=\"async\" class=\"alignnone size-medium wp-image-22763\" src=\"https:\/\/mestobbweb01storage.blob.core.windows.net\/production\/2019\/06\/15-de\u0148-hasi\u010dov-600x222.jpg\" alt=\"\" width=\"600\" height=\"222\" \/><\/p>","excerpt":"","slug":"den-hasicov-2019","image":{"url":"https:\/\/www.visitbanskabystrica.sk\/wp-content\/uploads\/2019\/06\/15-de\u0148-hasi\u010dov.jpg","id":373117,"extension":"jpg","width":851,"height":315,"sizes":{"thumbnail":{"width":150,"height":150,"mime-type":"image\/jpeg","url":"https:\/\/www.visitbanskabystrica.sk\/wp-content\/uploads\/2019\/06\/15-de\u0148-hasi\u010dov-150x150.jpg"},"medium":{"width":300,"height":111,"mime-type":"image\/jpeg","url":"https:\/\/www.visitbanskabystrica.sk\/wp-content\/uploads\/2019\/06\/15-de\u0148-hasi\u010dov-300x111.jpg"},"medium_large":{"width":768,"height":284,"mime-type":"image\/jpeg","url":"https:\/\/www.visitbanskabystrica.sk\/wp-content\/uploads\/2019\/06\/15-de\u0148-hasi\u010dov-768x284.jpg"},"wpsimplegallery_admin_thumb":{"width":109,"height":109,"mime-type":"image\/jpeg","url":"https:\/\/www.visitbanskabystrica.sk\/wp-content\/uploads\/2019\/06\/15-de\u0148-hasi\u010dov-109x109.jpg"},"wpsimplegallery_thumb":{"width":100,"height":100,"mime-type":"image\/jpeg","url":"https:\/\/www.visitbanskabystrica.sk\/wp-content\/uploads\/2019\/06\/15-de\u0148-hasi\u010dov-100x100.jpg"},"catalogue":{"width":400,"height":250,"mime-type":"image\/jpeg","url":"https:\/\/www.visitbanskabystrica.sk\/wp-content\/uploads\/2019\/06\/15-de\u0148-hasi\u010dov-400x250.jpg"},"mid-rectangle":{"width":600,"height":315,"mime-type":"image\/jpeg","url":"https:\/\/www.visitbanskabystrica.sk\/wp-content\/uploads\/2019\/06\/15-de\u0148-hasi\u010dov-600x315.jpg"},"grandtour-gallery-grid":{"width":700,"height":315,"mime-type":"image\/jpeg","url":"https:\/\/www.visitbanskabystrica.sk\/wp-content\/uploads\/2019\/06\/15-de\u0148-hasi\u010dov-700x315.jpg"},"grandtour-gallery-list":{"width":500,"height":315,"mime-type":"image\/jpeg","url":"https:\/\/www.visitbanskabystrica.sk\/wp-content\/uploads\/2019\/06\/15-de\u0148-hasi\u010dov-500x315.jpg"}},"_foreign_id":22763},"all_day":false,"start_date":"2019-06-15 00:00:00","start_date_details":{"year":"2019","month":"06","day":"15","hour":"00","minutes":"00","seconds":"00"},"end_date":"2019-06-15 00:00:00","end_date_details":{"year":"2019","month":"06","day":"15","hour":"00","minutes":"00","seconds":"00"},"utc_start_date":null,"utc_start_date_details":{"year":"1970","month":"01","day":"01","hour":"00","minutes":"00","seconds":"00"},"utc_end_date":null,"utc_end_date_details":{"year":"1970","month":"01","day":"01","hour":"00","minutes":"00","seconds":"00"},"timezone":"","timezone_abbr":"","cost":"","cost_details":{"currency_symbol":"","currency_position":"","values":[]},"website":"https:\/\/www.visitbanskabystrica.sk\/en\/event\/den-hasicov-2019\/","show_map":true,"show_map_link":true,"hide_from_listings":false,"sticky":false,"featured":false,"categories":[{"name":"In\u00e9","slug":"ine","term_group":0,"term_taxonomy_id":89,"taxonomy":"tribe_events_cat","description":"","parent":0,"count":189,"filter":"raw","id":89,"urls":{"self":"https:\/\/www.visitbanskabystrica.sk\/en\/wp-json\/tribe\/events\/v1\/categories\/89","collection":"https:\/\/www.visitbanskabystrica.sk\/en\/wp-json\/tribe\/events\/v1\/categories"}}],"tags":[],"venue":[],"organizer":[],"json_ld":{"@context":"http:\/\/schema.org","@type":"Event","name":"De\u0148 hasi\u010dov 2019","description":"&lt;p&gt;Krajsk\u00e9 riadite\u013estvo Hasi\u010dsk\u00e9ho a z\u00e1chrann\u00e9ho zboru v Banskej Bystrici organizuje \u201e De\u0148 Hasi\u010dov 2019 \u201c. PROGRAM D\u0147A HASI\u010cOV 2019: 9.00 h &#8211; Sl\u00e1vnostn\u00e9 otvorenie s\u00fa\u0165a\u017e\u00ed 9.30-15.30 h &#8211; S\u00fa\u0165a\u017e TFA Slovakia od 10.00 h &#8211; S\u00fa\u0165a\u017ee pre deti &#8220;Mal\u00fd hasi\u010d&#8221; [&hellip;]&lt;\/p&gt;\\n","image":"https:\/\/www.visitbanskabystrica.sk\/wp-content\/uploads\/2019\/06\/15-de\u0148-hasi\u010dov.jpg","url":"https:\/\/www.visitbanskabystrica.sk\/en\/event\/den-hasicov-2019\/","startDate":"2019-06-15T00:00:00+00:00","endDate":"2019-06-15T00:00:00+00:00","performer":"Organization"}}