{"id":373387,"global_id":"www.visitbanskabystrica.sk\/en\/?id=373387","global_id_lineage":["www.visitbanskabystrica.sk\/en\/?id=373387"],"author":"4","status":"publish","date":"2019-06-15 08:51:19","date_utc":"2019-06-15 08:51:19","modified":"2019-06-17 11:31:36","modified_utc":"2019-06-17 11:31:36","url":"https:\/\/www.visitbanskabystrica.sk\/en\/event\/stretnutie-generacii-na-kalisti-2019\/","rest_url":"https:\/\/www.visitbanskabystrica.sk\/en\/wp-json\/tribe\/events\/v1\/events\/373387","title":"Stretnutie gener\u00e1ci\u00ed na Kali\u0161ti 2019","description":"<p>Obec Kali\u0161te sa nach\u00e1dza v\u00a0N\u00edzkych Tatr\u00e1ch a\u00a0je \u00faplne izolovan\u00e1 od okolitej civiliz\u00e1cie. Bola vybudovan\u00e1 v 16. storo\u010d\u00ed ako uhliarska obec, no po\u010das 2. svetovej vojny a\u00a0Slovensk\u00e9ho n\u00e1rodn\u00e9ho povstania bolo centrom tzv. Partiz\u00e1nskej republiky. 18. marca 1945 bolo po\u010das nacistick\u00fdch repres\u00e1li\u00ed vyp\u00e1len\u00e9 nemeck\u00fdmi jednotkami a\u00a0jeho obyvatelia boli vyvra\u017eden\u00ed. \u00a0Zo 42 domov ostalo len \u0161es\u0165 a\u00a0ani po skon\u010den\u00ed vojny a\u00a0osloboden\u00ed Slovenska u\u017e \u017eivot na Kali\u0161ti \u017eia\u013e nebolo mo\u017en\u00e9 obnovi\u0165. Dnes je N\u00e1rodnou kult\u00farnou pamiatkou s pam\u00e4tn\u00edkom obetiam marcovej trag\u00e9die, zachovanou kaplnkou a\u00a0dvoma zrekon\u0161truovan\u00fdmi domami, v\u00a0ktor\u00fdch je umiestnen\u00e1 expoz\u00edcia M\u00fazea SNP. Z\u00a0ostatn\u00fdch domov je mo\u017en\u00e9 vidie\u0165 zrekon\u0161truovan\u00e9 z\u00e1klady.<\/p>\n<p>V\u00a0sobotu 22. j\u00fana Kali\u0161te op\u00e4\u0165 o\u017eije a\u00a0stane sa dejiskom u\u017e 14. ro\u010dn\u00edka Stretnutia gener\u00e1ci\u00ed. Cie\u013eom podujatia je nielen pripomen\u00fa\u0165 si obete nezmyseln\u00e9ho vra\u017edenia po\u010das 2. svetovej vojny, ale aj symbolicky vr\u00e1ti\u0165 Kali\u0161\u0165u \u017eivot. K\u00a0tomu prispieva aj Sad \u017eivota, ktor\u00fd vysadili predstavitelia 105 slovensk\u00fdch obc\u00ed, ktor\u00e9 boli rovnako ako Kali\u0161te vyp\u00e1len\u00e9 po\u010das\u00a0nacistick\u00fdch repres\u00e1li\u00ed. Pr\u00e1ve v\u010faka nemu sa na Kali\u0161te symbolicky vr\u00e1til \u017eivot, do\u0161lo k prepojeniu t\u00fdchto obc\u00ed a ich symbolom sa stalo pr\u00e1ve Kali\u0161te.<\/p>\n<p>Podujatie sa za posledn\u00e9 roky stalo miestom, kde sa stret\u00e1vaj\u00fa nielen posledn\u00ed \u017eij\u00faci obyvatelia Kali\u0161\u0165a so svojimi de\u0165mi, vnukmi \u010di pravnukmi, ale aj mnoho \u010fal\u0161\u00edch \u013eud\u00ed, ktor\u00ed nechc\u00fa na t\u00fato smutn\u00fa \u010das\u0165 na\u0161ej hist\u00f3rie zabudn\u00fa\u0165. Pre ich v\u0161etk\u00fdch je okrem ekumenickej pobo\u017enosti a pietnej spomienky pripraven\u00fd aj celodenn\u00fd kult\u00farny program s\u00a0vyst\u00fapen\u00edm Dru\u017einy z Banskej Bystrice, folkl\u00f3rnych s\u00faborov Partiz\u00e1n a\u00a0He\u013epan alebo Chlopov z\u00a0He\u013epy. Te\u0161i\u0165 sa tie\u017e m\u00f4\u017eete na Regruta\u010dn\u00fa skupinu OS SR, Z\u00e1chrann\u00fa brig\u00e1du Hasi\u010dsk\u00e9ho a z\u00e1chrann\u00e9ho zboru zo \u017diliny, uk\u00e1\u017eky kynol\u00f3gie Vojenskej pol\u00edcie, lukostre\u013eby, modelov lietadiel a ter\u00e9nnych vozidiel, sokoliarskej skupiny BIATEC, z\u00e1bavn\u00e9 detsk\u00e9 ihrisko \u010di \u0161portov\u00e9, vedomostn\u00e9 a z\u00e1bavn\u00e9 hry a s\u00fa\u0165a\u017ee pre deti pod patron\u00e1tom Centra vo\u013en\u00e9ho \u010dasu Junior. Turisti zasa m\u00f4\u017eu vysk\u00fa\u0161a\u0165 trasu z\u00a0Donov\u00e1l na Kali\u0161te a\u00a0pokra\u010dova\u0165 na \u0160achti\u010dky a \u0160paniu Dolinu.<\/p>\n<p>Vzh\u013eadom na obmedzen\u00fa pr\u00edstupov\u00fa cestu ako aj parkovacie mo\u017enosti na Kali\u0161ti pros\u00edme n\u00e1v\u0161tevn\u00edkov, aby v\u00a0\u010do najv\u00e4\u010d\u0161ej miere vyu\u017eili autobusov\u00fa dopravu z\u00a0Banskej Bystrice. Autobusy odch\u00e1dzaj\u00fa zo \u017delezni\u010dnej stanice Bansk\u00e1 Bystrica a\u00a0s\u00fa ozna\u010den\u00e9 n\u00e1pisom \u201eKali\u0161te 2019\u201c.<\/p>\n<p><img loading=\"lazy\" decoding=\"async\" class=\"alignnone size-medium wp-image-23255\" src=\"https:\/\/mestobbweb01storage.blob.core.windows.net\/production\/2019\/06\/PLAGAT_SG_2019_web-424x600.jpg\" alt=\"\" width=\"424\" height=\"600\" \/><\/p>\n<p>&nbsp;<\/p>\n<p>&nbsp;<\/p>","excerpt":"","slug":"stretnutie-generacii-na-kalisti-2019","image":{"url":"https:\/\/www.visitbanskabystrica.sk\/wp-content\/uploads\/2019\/06\/Kaliste_vyrez_clanok.jpg","id":373388,"extension":"jpg","width":521,"height":390,"sizes":{"thumbnail":{"width":150,"height":150,"mime-type":"image\/jpeg","url":"https:\/\/www.visitbanskabystrica.sk\/wp-content\/uploads\/2019\/06\/Kaliste_vyrez_clanok-150x150.jpg"},"medium":{"width":300,"height":225,"mime-type":"image\/jpeg","url":"https:\/\/www.visitbanskabystrica.sk\/wp-content\/uploads\/2019\/06\/Kaliste_vyrez_clanok-300x225.jpg"},"wpsimplegallery_admin_thumb":{"width":109,"height":109,"mime-type":"image\/jpeg","url":"https:\/\/www.visitbanskabystrica.sk\/wp-content\/uploads\/2019\/06\/Kaliste_vyrez_clanok-109x109.jpg"},"wpsimplegallery_thumb":{"width":100,"height":100,"mime-type":"image\/jpeg","url":"https:\/\/www.visitbanskabystrica.sk\/wp-content\/uploads\/2019\/06\/Kaliste_vyrez_clanok-100x100.jpg"},"catalogue":{"width":400,"height":250,"mime-type":"image\/jpeg","url":"https:\/\/www.visitbanskabystrica.sk\/wp-content\/uploads\/2019\/06\/Kaliste_vyrez_clanok-400x250.jpg"},"grandtour-gallery-list":{"width":500,"height":390,"mime-type":"image\/jpeg","url":"https:\/\/www.visitbanskabystrica.sk\/wp-content\/uploads\/2019\/06\/Kaliste_vyrez_clanok-500x390.jpg"}},"_foreign_id":23239},"all_day":false,"start_date":"2019-06-22 09:02:00","start_date_details":{"year":"2019","month":"06","day":"22","hour":"09","minutes":"02","seconds":"00"},"end_date":"2019-06-22 16:30:00","end_date_details":{"year":"2019","month":"06","day":"22","hour":"16","minutes":"30","seconds":"00"},"utc_start_date":null,"utc_start_date_details":{"year":"1970","month":"01","day":"01","hour":"00","minutes":"00","seconds":"00"},"utc_end_date":null,"utc_end_date_details":{"year":"1970","month":"01","day":"01","hour":"00","minutes":"00","seconds":"00"},"timezone":"","timezone_abbr":"","cost":"","cost_details":{"currency_symbol":"","currency_position":"","values":[]},"website":"http:\/\/www.muzeumsnp.sk\/kalendar-podujati\/stretnutie-generacii-na-kalisti\/","show_map":true,"show_map_link":true,"hide_from_listings":false,"sticky":false,"featured":false,"categories":[{"name":"In\u00e9","slug":"ine","term_group":0,"term_taxonomy_id":89,"taxonomy":"tribe_events_cat","description":"","parent":0,"count":189,"filter":"raw","id":89,"urls":{"self":"https:\/\/www.visitbanskabystrica.sk\/en\/wp-json\/tribe\/events\/v1\/categories\/89","collection":"https:\/\/www.visitbanskabystrica.sk\/en\/wp-json\/tribe\/events\/v1\/categories"}}],"tags":[],"venue":[],"organizer":[],"json_ld":{"@context":"http:\/\/schema.org","@type":"Event","name":"Stretnutie gener\u00e1ci\u00ed na Kali\u0161ti 2019","description":"&lt;p&gt;Obec Kali\u0161te sa nach\u00e1dza v\u00a0N\u00edzkych Tatr\u00e1ch a\u00a0je \u00faplne izolovan\u00e1 od okolitej civiliz\u00e1cie. Bola vybudovan\u00e1 v 16. storo\u010d\u00ed ako uhliarska obec, no po\u010das 2. svetovej vojny a\u00a0Slovensk\u00e9ho n\u00e1rodn\u00e9ho povstania bolo centrom tzv. Partiz\u00e1nskej republiky. 18. marca 1945 bolo po\u010das nacistick\u00fdch repres\u00e1li\u00ed [&hellip;]&lt;\/p&gt;\\n","image":"https:\/\/www.visitbanskabystrica.sk\/wp-content\/uploads\/2019\/06\/Kaliste_vyrez_clanok.jpg","url":"https:\/\/www.visitbanskabystrica.sk\/en\/event\/stretnutie-generacii-na-kalisti-2019\/","startDate":"2019-06-22T09:02:00+00:00","endDate":"2019-06-22T16:30:00+00:00","performer":"Organization"}}