{"id":374330,"global_id":"www.visitbanskabystrica.sk\/en\/?id=374330","global_id_lineage":["www.visitbanskabystrica.sk\/en\/?id=374330"],"author":"2","status":"publish","date":"2019-07-24 13:51:14","date_utc":"2019-07-24 13:51:14","modified":"2019-08-09 07:43:47","modified_utc":"2019-08-09 07:43:47","url":"https:\/\/www.visitbanskabystrica.sk\/en\/event\/folklorna-bystrica\/","rest_url":"https:\/\/www.visitbanskabystrica.sk\/en\/wp-json\/tribe\/events\/v1\/events\/374330","title":"Folkl\u00f3rna Bystrica","description":"<p>Poz\u00fdvame v\u00e1s na banskobystrick\u00fa novinku vo svete folkl\u00f3rnych festivavalov.<\/p>\n<p>Folkl\u00f3rna Bystrica &#8211; festival \u013eudovej hudby a tanca pod Urp\u00ednom m\u00e1 snahu obnovi\u0165 trad\u00edciu folkl\u00f3rnych sl\u00e1vnost\u00ed v Banskej Bystrici, a tak bude pod Urp\u00edn rok \u010do rok prin\u00e1\u0161a\u0165 kr\u00e1su folkl\u00f3ru.<\/p>\n<p>&nbsp;<\/p>\n<p><strong>PROGRAM<\/strong><\/p>\n<p><strong>16. augusta 2019 \/ Piatok \/ od 17.00 h<\/strong><\/p>\n<ul>\n<li>folkl\u00f3rny s\u00fabor Po\u013eana (Brno)<\/li>\n<li>folkl\u00f3rny s\u00fabor Mlados\u0165 (Bansk\u00e1 Bystrica)<\/li>\n<li>Katar\u00edna Mosn\u00e1kov\u00e1-Bag\u013ea\u0161ov\u00e1 (Vojvodina\/O\u010dov\u00e1)<\/li>\n<li>Arz\u00e9n (Terchov\u00e1\/\u017dilina)<\/li>\n<li>\u010cehomor (\u010ceskomoravsk\u00e1 kapela)<\/li>\n<\/ul>\n<p><strong>17. augusta 2019 \/ Sobota \/ od 17.00 h<\/strong><\/p>\n<ul>\n<li>folkl\u00f3rna skupina Priecho\u010fan (Priechod)<\/li>\n<li>Hojana &#8211; \u017eensk\u00e1 spev\u00e1cka skupina<\/li>\n<li>folkl\u00f3rny s\u00fabor Bystrina (Bansk\u00e1 Bystrica)<\/li>\n<li>Fujaristi z Podpo\u013eania<\/li>\n<li>folkl\u00f3rny s\u00fabor Detva (Vojvodina\/Srbsko)<\/li>\n<li>a \u010fal\u0161\u00ed ..<\/li>\n<li><\/li>\n<\/ul>\n<p><img loading=\"lazy\" decoding=\"async\" class=\"alignnone size-medium wp-image-25142\" src=\"https:\/\/mestobbweb01storage.blob.core.windows.net\/production\/2019\/07\/FolBys_letak_A5_ONLINE_pouzitie_7_2019-428x600.jpg\" alt=\"\" width=\"428\" height=\"600\" \/><\/p>","excerpt":"","slug":"folklorna-bystrica","image":{"url":"https:\/\/www.visitbanskabystrica.sk\/wp-content\/uploads\/2019\/07\/folklorna-bb.png","id":374331,"extension":"png","width":1791,"height":883,"sizes":{"thumbnail":{"width":150,"height":150,"mime-type":"image\/png","url":"https:\/\/www.visitbanskabystrica.sk\/wp-content\/uploads\/2019\/07\/folklorna-bb-150x150.png"},"medium":{"width":300,"height":148,"mime-type":"image\/png","url":"https:\/\/www.visitbanskabystrica.sk\/wp-content\/uploads\/2019\/07\/folklorna-bb-300x148.png"},"medium_large":{"width":768,"height":379,"mime-type":"image\/png","url":"https:\/\/www.visitbanskabystrica.sk\/wp-content\/uploads\/2019\/07\/folklorna-bb-768x379.png"},"large":{"width":1024,"height":505,"mime-type":"image\/png","url":"https:\/\/www.visitbanskabystrica.sk\/wp-content\/uploads\/2019\/07\/folklorna-bb-1024x505.png"},"wpsimplegallery_admin_thumb":{"width":109,"height":109,"mime-type":"image\/png","url":"https:\/\/www.visitbanskabystrica.sk\/wp-content\/uploads\/2019\/07\/folklorna-bb-109x109.png"},"wpsimplegallery_thumb":{"width":100,"height":100,"mime-type":"image\/png","url":"https:\/\/www.visitbanskabystrica.sk\/wp-content\/uploads\/2019\/07\/folklorna-bb-100x100.png"},"catalogue":{"width":400,"height":250,"mime-type":"image\/png","url":"https:\/\/www.visitbanskabystrica.sk\/wp-content\/uploads\/2019\/07\/folklorna-bb-400x250.png"},"mid-rectangle":{"width":600,"height":400,"mime-type":"image\/png","url":"https:\/\/www.visitbanskabystrica.sk\/wp-content\/uploads\/2019\/07\/folklorna-bb-600x400.png"},"grandtour-gallery-grid":{"width":700,"height":466,"mime-type":"image\/png","url":"https:\/\/www.visitbanskabystrica.sk\/wp-content\/uploads\/2019\/07\/folklorna-bb-700x466.png"},"grandtour-gallery-list":{"width":500,"height":500,"mime-type":"image\/png","url":"https:\/\/www.visitbanskabystrica.sk\/wp-content\/uploads\/2019\/07\/folklorna-bb-500x500.png"},"grandtour-blog":{"width":960,"height":636,"mime-type":"image\/png","url":"https:\/\/www.visitbanskabystrica.sk\/wp-content\/uploads\/2019\/07\/folklorna-bb-960x636.png"}},"_foreign_id":25141},"all_day":false,"start_date":"2019-08-16 17:00:00","start_date_details":{"year":"2019","month":"08","day":"16","hour":"17","minutes":"00","seconds":"00"},"end_date":"2019-08-17 00:00:00","end_date_details":{"year":"2019","month":"08","day":"17","hour":"00","minutes":"00","seconds":"00"},"utc_start_date":null,"utc_start_date_details":{"year":"1970","month":"01","day":"01","hour":"00","minutes":"00","seconds":"00"},"utc_end_date":null,"utc_end_date_details":{"year":"1970","month":"01","day":"01","hour":"00","minutes":"00","seconds":"00"},"timezone":"","timezone_abbr":"","cost":"","cost_details":{"currency_symbol":"","currency_position":"","values":[]},"website":"https:\/\/www.folklornabystrica.sk\/","show_map":true,"show_map_link":true,"hide_from_listings":false,"sticky":false,"featured":false,"categories":[{"name":"Hudba, tanec, divadlo","slug":"hudba-tanec-divadlo","term_group":0,"term_taxonomy_id":87,"taxonomy":"tribe_events_cat","description":"","parent":0,"count":110,"filter":"raw","id":87,"urls":{"self":"https:\/\/www.visitbanskabystrica.sk\/en\/wp-json\/tribe\/events\/v1\/categories\/87","collection":"https:\/\/www.visitbanskabystrica.sk\/en\/wp-json\/tribe\/events\/v1\/categories"}}],"tags":[],"venue":[],"organizer":[],"json_ld":{"@context":"http:\/\/schema.org","@type":"Event","name":"Folkl\u00f3rna Bystrica","description":"&lt;p&gt;Poz\u00fdvame v\u00e1s na banskobystrick\u00fa novinku vo svete folkl\u00f3rnych festivavalov. Folkl\u00f3rna Bystrica &#8211; festival \u013eudovej hudby a tanca pod Urp\u00ednom m\u00e1 snahu obnovi\u0165 trad\u00edciu folkl\u00f3rnych sl\u00e1vnost\u00ed v Banskej Bystrici, a tak bude pod Urp\u00edn rok \u010do rok prin\u00e1\u0161a\u0165 kr\u00e1su folkl\u00f3ru. &nbsp; [&hellip;]&lt;\/p&gt;\\n","image":"https:\/\/www.visitbanskabystrica.sk\/wp-content\/uploads\/2019\/07\/folklorna-bb.png","url":"https:\/\/www.visitbanskabystrica.sk\/en\/event\/folklorna-bystrica\/","startDate":"2019-08-16T17:00:00+00:00","endDate":"2019-08-17T00:00:00+00:00","performer":"Organization"}}